{"id":2155,"date":"2025-05-21T09:28:54","date_gmt":"2025-05-21T08:28:54","guid":{"rendered":"https:\/\/grundschule-edwin-scharff-ring.hamburg.de\/?p=2155"},"modified":"2025-05-21T09:28:54","modified_gmt":"2025-05-21T08:28:54","slug":"jg-4-im-rathaus","status":"publish","type":"post","link":"https:\/\/grundschule-edwin-scharff-ring.hamburg.de\/?p=2155","title":{"rendered":"Jg. 4 im Rathaus"},"content":{"rendered":"<p>Der ganze vierte Jahrgang hat einen Ausflug ins Hamburger Rathaus, zum Jungfernstieg und der Binnenalster gemacht. Wir wurden nacheinander durch das Rathaus gef\u00fchrt. Wir durften die R\u00e4ume der B\u00fcrgerschaft sehen, im Plenarsaal sitzen und viele Empfangsr\u00e4ume und den gro\u00dfen Saal angucken. Einige R\u00e4ume waren verschlossen, weil dort gerade Koalotionsverhandlungen stattfanden und der Senat tagte.<\/p>\n<p>Die Klasse 4c hatte besonderes Gl\u00fcck. W\u00e4hrend unser Rathausf\u00fchrer gerade etwas erz\u00e4hlte, kam unser erster B\u00fcrgermeister der Stadt Hamburg, Peter Tschentscher, vorbei und hat uns begr\u00fc\u00dft. Wir waren alle sehr aufgeregt. Einige Minuten sp\u00e4ter kam er dann noch einmal zur\u00fcck, um mit uns zu sprechen und wir durften ihm Fragen stellen. Er hat sogar ein Erinnerungsfoto mit uns gemacht und am Ende durften wir ihn alle abklatschen. Das war ein unvergessliches Erlebnis!<\/p>\n<p><a href=\"https:\/\/grundschule-edwin-scharff-ring.hamburg.de\/wp-content\/uploads\/sites\/143\/2025\/05\/Rathaus-scaled.jpg\" data-rel=\"lightbox\" data-rl_title=\"\" data-rl_caption=\"\" title=\"\"><img loading=\"lazy\" decoding=\"async\" class=\"alignnone size-medium wp-image-2140\" src=\"https:\/\/grundschule-edwin-scharff-ring.hamburg.de\/wp-content\/uploads\/sites\/143\/2025\/05\/Rathaus-300x225.jpg\" alt=\"\" width=\"300\" height=\"225\"><\/a><\/p>\n","protected":false},"excerpt":{"rendered":"<p>Der ganze vierte Jahrgang hat einen Ausflug ins Hamburger Rathaus, zum Jungfernstieg und der Binnenalster gemacht. Wir wurden nacheinander durch das Rathaus gef\u00fchrt. Wir durften die R\u00e4ume der B\u00fcrgerschaft sehen, im Plenarsaal sitzen und viele Empfangsr\u00e4ume und den gro\u00dfen Saal angucken. Einige R\u00e4ume waren verschlossen, weil dort gerade Koalotionsverhandlungen stattfanden und der Senat tagte. Die [&hellip;]<\/p>\n","protected":false},"author":273,"featured_media":2154,"comment_status":"closed","ping_status":"closed","sticky":false,"template":"","format":"standard","meta":{"_acf_changed":false,"_et_pb_use_builder":"","_et_pb_old_content":"","_et_gb_content_width":"","footnotes":""},"categories":[1],"tags":[],"class_list":["post-2155","post","type-post","status-publish","format-standard","has-post-thumbnail","hentry","category-allgemein"],"acf":[],"_links":{"self":[{"href":"https:\/\/grundschule-edwin-scharff-ring.hamburg.de\/index.php?rest_route=\/wp\/v2\/posts\/2155","targetHints":{"allow":["GET"]}}],"collection":[{"href":"https:\/\/grundschule-edwin-scharff-ring.hamburg.de\/index.php?rest_route=\/wp\/v2\/posts"}],"about":[{"href":"https:\/\/grundschule-edwin-scharff-ring.hamburg.de\/index.php?rest_route=\/wp\/v2\/types\/post"}],"author":[{"embeddable":true,"href":"https:\/\/grundschule-edwin-scharff-ring.hamburg.de\/index.php?rest_route=\/wp\/v2\/users\/273"}],"replies":[{"embeddable":true,"href":"https:\/\/grundschule-edwin-scharff-ring.hamburg.de\/index.php?rest_route=%2Fwp%2Fv2%2Fcomments&post=2155"}],"version-history":[{"count":1,"href":"https:\/\/grundschule-edwin-scharff-ring.hamburg.de\/index.php?rest_route=\/wp\/v2\/posts\/2155\/revisions"}],"predecessor-version":[{"id":2156,"href":"https:\/\/grundschule-edwin-scharff-ring.hamburg.de\/index.php?rest_route=\/wp\/v2\/posts\/2155\/revisions\/2156"}],"wp:featuredmedia":[{"embeddable":true,"href":"https:\/\/grundschule-edwin-scharff-ring.hamburg.de\/index.php?rest_route=\/wp\/v2\/media\/2154"}],"wp:attachment":[{"href":"https:\/\/grundschule-edwin-scharff-ring.hamburg.de\/index.php?rest_route=%2Fwp%2Fv2%2Fmedia&parent=2155"}],"wp:term":[{"taxonomy":"category","embeddable":true,"href":"https:\/\/grundschule-edwin-scharff-ring.hamburg.de\/index.php?rest_route=%2Fwp%2Fv2%2Fcategories&post=2155"},{"taxonomy":"post_tag","embeddable":true,"href":"https:\/\/grundschule-edwin-scharff-ring.hamburg.de\/index.php?rest_route=%2Fwp%2Fv2%2Ftags&post=2155"}],"curies":[{"name":"wp","href":"https:\/\/api.w.org\/{rel}","templated":true}]}}