{"id":1716,"date":"2023-10-30T08:23:31","date_gmt":"2023-10-30T08:23:31","guid":{"rendered":"https:\/\/grundschule-edwin-scharff-ring.hamburg.de\/?p=1716"},"modified":"2023-10-30T08:23:31","modified_gmt":"2023-10-30T08:23:31","slug":"klassenreise-des-dritten-jahrgangs","status":"publish","type":"post","link":"https:\/\/grundschule-edwin-scharff-ring.hamburg.de\/?p=1716","title":{"rendered":"Klassenreise des dritten Jahrgangs"},"content":{"rendered":"<p>Der ganze dritte Jahrgang ist vom 19.6.2023 bis zum 23.6.2023 auf den Ferienhof Dro\u00dfmann in L\u00fcdersb\u00fcttel gefahren.<\/p>\n<p>Hier unsere Berichte:<\/p>\n<p>&nbsp;<\/p>\n<p><u>Montag 19.6.2023 von Sema und Samira<\/u><\/p>\n<p>Wir sind morgens um 8 Uhr 30 mit dem Reisebus losgefahren. Dann sind wir angekommen. Erstmal haben wir die Tiere kennengelernt. Alle Tiere waren sehr lieb. Danach sind wir in unsere Zimmer gegangen und haben unsere Bettw\u00e4sche \u00fcbergezogen. Dann haben wir alle Hofregeln kennengelernt und dann durften wir frei spielen.<\/p>\n<p>&nbsp;<\/p>\n<p><u>Montag 19.6.23. Lucia und Medina<\/u><\/p>\n<p>Am Morgen sind wir mit dem Schulbus zum Ponyhof gefahren. Danach haben wir lecker Mittagessen gegessen. Mittags haben wir drau\u00dfen gespielt. Sp\u00e4ter haben wir gelernt wie man die Pferde striegelt. Abends sind wir schlafen gegangen.<\/p>\n<p>&nbsp;<\/p>\n<p><u>Montag, 19.6.2023 von Ivan und Emanuel<\/u><\/p>\n<p>Wir haben uns um 8.00 Uhr an der Schule getroffen. Wir waren alle ein wenig aufgeregt. Um 8.15 Uhr kam der Bus. Wir haben die Koffer eingeladen, den Eltern tsch\u00fcss gesagt und sind eingestiegen. Die Fahrt war langweilig. Auf dem Hof haben wir zuerst die Hunde begr\u00fc\u00dft. Wir konnten sie streicheln. Dann haben wir auf der Bank gesessen und auf die Zimmer gewartet. Wir Jungs waren alle in einem Zimmer. Wir haben uns eingerichtet, dann gab es Nudeln mit Hackfleisch. Danach haben wir gelernt Pferde zu putzen und zu f\u00fchren. Nachdem wir bei den Pferden waren sind wir auf das Trampolin gegangen. Danach sind wir Gokart gefahren. Auf dem Spielplatz gab es eine Rutsche. Wenn man die Rutsche runterrutscht, kommt man zu den Schafen ins Gehege. Das war besonders. Nach dem Abendessen durften wir noch drau\u00dfen spielen. Dann haben wir die Z\u00e4hne geputzt und haben uns noch etwas vorgelesen. Niemand hatte Heimweh.<\/p>\n<p>&nbsp;<\/p>\n<p><u>Dienstag 20.06.2023 von Akasya und Keyri<\/u><\/p>\n<p>Wir haben zum Fr\u00fchst\u00fcck Nutella und Br\u00f6tchen gegessen. Es gab auch Marmelade, K\u00e4se und Wurst. Nach dem Fr\u00fchst\u00fcck haben wir im Zimmer gespielt dann sind wir wieder auf den Hof gegangen. Dort haben wir ein Pony bekommen dann waren wir reiten auf dem Reitplatz. Und nach dem Reiten gab es zum Mittagessen Burger und Pommes. Danach waren wir auf einem anderen Hof. Wir haben uns K\u00e4lber angeguckt. Die hatten Angst vor uns. Und dann sind wir zum Melken gegangen. Da haben wir gesehen wie die gro\u00dfen K\u00fche mit Maschinen gemolken wurden. Wir durften die Milch probieren. Die schmeckte ganz anders als sonst. Viele fanden das bei den K\u00fchen ein bisschen eklig.<\/p>\n<p>&nbsp;<\/p>\n<p><u>Dienstag von Jaden und Mitko <\/u><\/p>\n<p>Morgens haben wir zuerst Nutellafr\u00fchst\u00fcck gegessen. Danach haben wir Pferde geputzt. Besonders toll fanden wir das Reiten. Sp\u00e4ter haben wir einen Ausflug zum Milchbauern gemacht. Abends haben wir ein leckeres Abendbrot gegessen. Dann sind wir ins Bett gegangen und haben gelesen. Dann sind wir eingeschlafen und der n\u00e4chste Tag begann und noch am Dienstag sind wir um 04:00 Uhr aufgestanden #geile Klassenreise. Und wir haben Kaninchen gestreichelt und sind mit einem gr\u00fcnen Fahrzeug gefahren. Und Joel und ich hatten Heimweh. #traurig<\/p>\n<p>Das war sehr cool. Das war die beste Woche meines Lebens (Jaden).<\/p>\n<p>&nbsp;<\/p>\n<p><u>Dienstag, 20.6.2023 von Amelie und Saliatou<\/u><\/p>\n<p>Morgens haben wir zuerst gefr\u00fchst\u00fcckt und die meisten Kinder haben Nutellabrot gegessen. Vormittags sind wir geritten. Wir haben einen langen Ausritt gemacht. Zum Mittagessen gab es Burger und Pommes. Am Nachmittag sind wir K\u00fche melken gegangen. Es hat Spa\u00df gemacht diese Dinger an die Euter zumachen. Abends sind wir Schafe scheren gegangen.<\/p>\n<p>Wir haben leider nicht selber geschoren. Nachdem wir bei zwei Schafen zugeguckt hatten, sind wir zur\u00fcck zu unserem Hof gegangen Als wir angekommen sind, sind alle in ihre Zimmer gegangen. Im Bett haben wir uns Geschichten erz\u00e4hlt und sind dann Schlafen gegangen. Zwei Kinder hatten Heimweh.<\/p>\n<p>&nbsp;<\/p>\n<p><u>Mittwoch von Fatima und Iljana<\/u><\/p>\n<p>Morgens haben wir zuerst gefr\u00fchst\u00fcckt. Danach sind wir geritten das war sch\u00f6n. Besonders toll fanden wir, dass wir nachmittags mit einem Traktor gefahren sind. Sp\u00e4ter haben wir einen Ausflug zum K\u00fche melken gemacht. Zum Abendessen gab es Brot und Salami. Und Medina hatte Geburtstag, danach haben wir gegrillt.<\/p>\n<p>&nbsp;<\/p>\n<p><u>Mittwoch, 21.6.2023 von Ivan und Emanuel<\/u><\/p>\n<p>Wir sind morgens aufgewacht und haben gespielt . Wir sind auf das Trampolin gegangen. Danach sind wir Gokart gefahren. Sp\u00e4ter haben wir gefr\u00fchst\u00fcckt und dann sind wir geritten. Wir haben einen Ausritt gemacht. Wer nicht so weit reiten wollte, ist auf der Koppel auf dem Hof geritten. Danach konnten wir wieder spielen. Zum Mittag hat B\u00e4rbel f\u00fcr uns gegrillt. Nach dem Essen haben wir wieder gespielt. Einige sind heute erst zum Melken gegangen, die anderen sind mit B\u00e4rbel zu den H\u00fchnern gegangen. Wir haben Eier gesammelt und H\u00fchner gef\u00fcttert. Einige von uns haben sich getraut ein Huhn auf den Arm zu nehmen. Als alle wieder da waren gab es Abendbrot. Dann war noch Zeit zum Spielen. Einige haben in den Zimmern gespielt.<\/p>\n<p>&nbsp;<\/p>\n<p><u>Mittwoch von Sabra und Ayla<\/u><\/p>\n<p>Heute hatte eine in unserer Klasse Geburtstag. Wir haben gesungen und gespielt. Zum Mittagessen gab es gegrillte Sachen. Z.B. W\u00fcrstchen. Danach sind wir reiten gegangen. Und wir haben UNO gespielt. Das hat Spa\u00df gemacht! Und danach haben wir Abendbrot gegessen und sind ins Bett gegangen.<\/p>\n<p>&nbsp;<\/p>\n<p><u>Mittwoch von Safah und Liena<\/u><\/p>\n<p>Heute sind wir sehr fr\u00fch aufgestanden. Danach sind wir zum Fr\u00fchst\u00fcck runtergegangen. Das Fr\u00fchst\u00fcck war lecker, weil ein Kind Geburtstag hatte. Mittags haben wir gegrillt. Danach sind wir mit einem Trecker gefahren. Und wir haben mit den Hunden Amy und Bailey gespielt. Vorher sind wir alleine auf den Pferden geritten. Das war cool.<\/p>\n<p><u>\u00a0<\/u><\/p>\n<p><u>Donnerstag, den 22.6.2023 von Rohaan und Natan <\/u><\/p>\n<p>Heute haben wir gefr\u00fchst\u00fcckt. Danach haben wir unsere Pferde geputzt und konnten dann 5 km ausreiten. Ein Kind hat gef\u00fchrt, das andere Kind sa\u00df auf dem Pferd. Nach der H\u00e4lfte (2.5 km) haben wir gewechselt. Danach haben wir gespielt, wir sind auf dem Trampolin gesprungen und sind mit dem Gokart gefahren. Sp\u00e4ter gab es Pfannkuchen zum Mittagessen. Danach sind wir St\u00f6cke f\u00fcr Stockbrot sammeln gegangen. Wir haben dann eine Wasserschlacht gemacht. Wir wollten ein Lagerfeuer machen, doch leider gab es dunkle Wolken. Stattdessen haben wir eine Party gemacht mit lauter Musik und Tanz, sp\u00e4ter haben wir unsere Koffer gepackt. Dann sind wir schlafen gegangen.<\/p>\n<p>&nbsp;<\/p>\n<p><u>Donnerstag von Yusuf, Joel und Primo<\/u><\/p>\n<p>Morgens haben wir zuerst gefr\u00fchst\u00fcckt. Danach sind wir geritten. Besonders toll fanden wir, dass wir Kaninchen gef\u00fcttert haben. Sp\u00e4ter haben wir einen Ausflug zum Milchbauern gemacht. Am Abend sind wir duschen gegangen und ins Bett gegangen.<\/p>\n<p>&nbsp;<\/p>\n<p><u>Donnerstag von Leander und Choukoura<\/u><\/p>\n<p>Morgens haben wir zuerst gefr\u00fchst\u00fcckt, davor sind wir aufgewacht, nat\u00fcrlich nicht zusammen, denn es gibt ein M\u00e4dchen- und ein Jungszimmer. Wir sind Leander und Choukoura. Danach sind wir geritten und das war sehr cool, denn wir durften alleine reiten. Besonders toll fanden wir, dass wir eine Wasserschlacht gemacht haben. Und unser Pferd ist Flika.<\/p>\n<p>&nbsp;<\/p>\n<p><u>Donnerstag 22.06.2023 von Feli und Sarah<\/u><\/p>\n<p>Heute sind wir geritten. Zum Mittag haben wir Pfannkuchen gegessen. Am Nachmittag haben wir eine Wasserschlacht gemacht. Sp\u00e4ter sind wir Traktor gefahren. Wir haben eine Party geschmissen. Dann sind wir zum letzten Mal auf dem Ponyhof schlafen gegangen.<\/p>\n<p>&nbsp;<\/p>\n<p>&nbsp;<\/p>\n<p><u>Montag 19.6.2023 und der Rest der Woche von Loulou, Jumana und Nikolay <\/u><\/p>\n<p>Am Montag haben wir uns vor der Schule getroffen und da haben wir unsere Eltern verabschiedet und dann kam der Bus und wir sind ungef\u00e4hr 2 Stunden gefahren. Dann sind wir endlich beim Reiterhof angekommen. Dort haben sie uns erz\u00e4hlt, was wir alles machen d\u00fcrfen. Und dann gab es Mittagessen. Danach haben wir die Tiere kennengelernt, und dann haben wir unsere Betten bezogen. Sp\u00e4ter haben wir die Pferde gef\u00fcttert, geputzt und gef\u00fchrt. Anschlie\u00dfend haben wir auf dem Hof gespielt.<\/p>\n<p>&nbsp;<\/p>\n<p>Am Dienstag sind wir nach dem Fr\u00fchst\u00fcck reiten gegangen und das hat mir ganz ganz ganz ganz viel Spa\u00df gemacht. Und da gab es drei s\u00fc\u00dfe Hunde und mit denen konnte man super spielen. Und wir sind zu einem Sch\u00e4fer gegangen und der hat die Schafe gequ\u00e4lt. Und am Mittwoch sind wir ausgeritten und das hat super viel Spa\u00df gemacht. Am Donnerstag sind wir ganz lange geritten und danach sind wir mit einem Traktor gefahren und danach haben wir eine gro\u00dfe Party gefeiert. Sp\u00e4ter sind wir schlafen gegangen.<\/p>\n<p>Und am Freitag haben wir morgens Fr\u00fchst\u00fcck gegessen und danach haben wir unsere Sachen gepackt und haben die Tiere verabschiedet. Sp\u00e4ter ist der Bus gekommen und dann sind wir losgefahren und unsere Eltern haben auf uns vor der Schule gewartet. Dann sind wir alle nach Hause gegangen. Das war die tollste Woche der Welt mit der Schule. Frau Grebe und Frau Leue sind die besten Lehrerinnen auf der Welt.<\/p>\n<p>&nbsp;<\/p>\n<p><u>Die ganze Woche von der Klassenfahrt der 3b, 3a und 3c von Shirin und Hasna<\/u><\/p>\n<p>Am Montag haben wir unsere Eltern verabschiedet. Dann sind wir in den Reisebus eingestiegen. Danach haben wir unsere Zimmer einger\u00e4umt. Am Dienstag haben wir die Ponys gestriegelt danach haben wir sie gef\u00fchrt. Zum Mittag haben wir Burger gegessen. Am Mittwoch sind wir eine lange Strecke geritten. Zum Fr\u00fchst\u00fcck gab es Nutellabrot. Am Donnerstag haben wir eine Wasserschlacht gemacht. Und eine Abschiedsdisco geschmissen. Aber Amy konnte nicht mitmachen denn sie hatte einen Unfall am Fu\u00df. Am Freitag haben wir Koffer gepackt. Und haben uns verabschiedet. Danach sind wir in den Bus eingestiegen. Als wir angekommen sind haben wir unsere Eltern sehr vermisst. Manche haben sogar geweint. Und die Eltern waren gl\u00fccklich, dass ihre Kinder gesund und munter waren. Das war das tollste Erlebnis in der Schulzeit.<\/p>\n<p>Abumdalakaka fui kaki ZU ENDE !!!<\/p>\n<div class=\"rl-gallery-container rl-loading\" id=\"rl-gallery-container-1\" data-gallery_id=\"1715\"> <div class=\"rl-gallery rl-basicgrid-gallery \" id=\"rl-gallery-1\" data-gallery_no=\"1\"> <div class=\"rl-gallery-item\"><a href=\"https:\/\/grundschule-edwin-scharff-ring.hamburg.de\/wp-content\/uploads\/sites\/143\/2023\/10\/IMG_0982.jpg\" title=\"\" data-rl_title=\"\" class=\"rl-gallery-link\" data-rl_caption=\"\" data-rel=\"lightbox-gallery-1\"><img loading=\"lazy\" decoding=\"async\" src=\"https:\/\/grundschule-edwin-scharff-ring.hamburg.de\/wp-content\/uploads\/sites\/143\/2023\/10\/IMG_0982-300x225.jpg\" width=\"300\" height=\"225\" alt=\"\" \/><\/a><\/div><div class=\"rl-gallery-item\"><a href=\"https:\/\/grundschule-edwin-scharff-ring.hamburg.de\/wp-content\/uploads\/sites\/143\/2023\/10\/IMG_1029.jpg\" title=\"\" data-rl_title=\"\" class=\"rl-gallery-link\" data-rl_caption=\"\" data-rel=\"lightbox-gallery-1\"><img loading=\"lazy\" decoding=\"async\" src=\"https:\/\/grundschule-edwin-scharff-ring.hamburg.de\/wp-content\/uploads\/sites\/143\/2023\/10\/IMG_1029-300x225.jpg\" width=\"300\" height=\"225\" alt=\"\" \/><\/a><\/div><div class=\"rl-gallery-item\"><a href=\"https:\/\/grundschule-edwin-scharff-ring.hamburg.de\/wp-content\/uploads\/sites\/143\/2023\/10\/IMG_0888-rotated.jpg\" title=\"\" data-rl_title=\"\" class=\"rl-gallery-link\" data-rl_caption=\"\" data-rel=\"lightbox-gallery-1\"><img loading=\"lazy\" decoding=\"async\" src=\"https:\/\/grundschule-edwin-scharff-ring.hamburg.de\/wp-content\/uploads\/sites\/143\/2023\/10\/IMG_0888-225x300.jpg\" width=\"225\" height=\"300\" alt=\"\" \/><\/a><\/div><div class=\"rl-gallery-item\"><a href=\"https:\/\/grundschule-edwin-scharff-ring.hamburg.de\/wp-content\/uploads\/sites\/143\/2023\/10\/IMG_0911-rotated.jpg\" title=\"\" data-rl_title=\"\" class=\"rl-gallery-link\" data-rl_caption=\"\" data-rel=\"lightbox-gallery-1\"><img loading=\"lazy\" decoding=\"async\" src=\"https:\/\/grundschule-edwin-scharff-ring.hamburg.de\/wp-content\/uploads\/sites\/143\/2023\/10\/IMG_0911-300x225.jpg\" width=\"300\" height=\"225\" alt=\"\" \/><\/a><\/div><div class=\"rl-gallery-item\"><a href=\"https:\/\/grundschule-edwin-scharff-ring.hamburg.de\/wp-content\/uploads\/sites\/143\/2023\/10\/IMG_0796.jpg\" title=\"\" data-rl_title=\"\" class=\"rl-gallery-link\" data-rl_caption=\"\" data-rel=\"lightbox-gallery-1\"><img loading=\"lazy\" decoding=\"async\" src=\"https:\/\/grundschule-edwin-scharff-ring.hamburg.de\/wp-content\/uploads\/sites\/143\/2023\/10\/IMG_0796-300x225.jpg\" width=\"300\" height=\"225\" alt=\"\" \/><\/a><\/div><div class=\"rl-gallery-item\"><a href=\"https:\/\/grundschule-edwin-scharff-ring.hamburg.de\/wp-content\/uploads\/sites\/143\/2023\/10\/IMG_0776-rotated.jpg\" title=\"\" data-rl_title=\"\" class=\"rl-gallery-link\" data-rl_caption=\"\" data-rel=\"lightbox-gallery-1\"><img loading=\"lazy\" decoding=\"async\" src=\"https:\/\/grundschule-edwin-scharff-ring.hamburg.de\/wp-content\/uploads\/sites\/143\/2023\/10\/IMG_0776-225x300.jpg\" width=\"225\" height=\"300\" alt=\"\" \/><\/a><\/div><div class=\"rl-gallery-item\"><a href=\"https:\/\/grundschule-edwin-scharff-ring.hamburg.de\/wp-content\/uploads\/sites\/143\/2023\/10\/IMG_0761.jpg\" title=\"\" data-rl_title=\"\" class=\"rl-gallery-link\" data-rl_caption=\"\" data-rel=\"lightbox-gallery-1\"><img loading=\"lazy\" decoding=\"async\" src=\"https:\/\/grundschule-edwin-scharff-ring.hamburg.de\/wp-content\/uploads\/sites\/143\/2023\/10\/IMG_0761-300x225.jpg\" width=\"300\" height=\"225\" alt=\"\" \/><\/a><\/div><div class=\"rl-gallery-item\"><a href=\"https:\/\/grundschule-edwin-scharff-ring.hamburg.de\/wp-content\/uploads\/sites\/143\/2023\/10\/IMG_0878.jpg\" title=\"\" data-rl_title=\"\" class=\"rl-gallery-link\" data-rl_caption=\"\" data-rel=\"lightbox-gallery-1\"><img loading=\"lazy\" decoding=\"async\" src=\"https:\/\/grundschule-edwin-scharff-ring.hamburg.de\/wp-content\/uploads\/sites\/143\/2023\/10\/IMG_0878-300x225.jpg\" width=\"300\" height=\"225\" alt=\"\" \/><\/a><\/div> <\/div> <\/div>\n","protected":false},"excerpt":{"rendered":"<p>Der ganze dritte Jahrgang ist vom 19.6.2023 bis zum 23.6.2023 auf den Ferienhof Dro\u00dfmann in L\u00fcdersb\u00fcttel gefahren. Hier unsere Berichte: &nbsp; Montag 19.6.2023 von Sema und Samira Wir sind morgens um 8 Uhr 30 mit dem Reisebus losgefahren. Dann sind wir angekommen. Erstmal haben wir die Tiere kennengelernt. Alle Tiere waren sehr lieb. Danach sind [&hellip;]<\/p>\n","protected":false},"author":273,"featured_media":1708,"comment_status":"closed","ping_status":"closed","sticky":false,"template":"","format":"standard","meta":{"_acf_changed":false,"_et_pb_use_builder":"","_et_pb_old_content":"","_et_gb_content_width":"","footnotes":""},"categories":[1],"tags":[],"class_list":["post-1716","post","type-post","status-publish","format-standard","has-post-thumbnail","hentry","category-allgemein"],"acf":[],"_links":{"self":[{"href":"https:\/\/grundschule-edwin-scharff-ring.hamburg.de\/index.php?rest_route=\/wp\/v2\/posts\/1716","targetHints":{"allow":["GET"]}}],"collection":[{"href":"https:\/\/grundschule-edwin-scharff-ring.hamburg.de\/index.php?rest_route=\/wp\/v2\/posts"}],"about":[{"href":"https:\/\/grundschule-edwin-scharff-ring.hamburg.de\/index.php?rest_route=\/wp\/v2\/types\/post"}],"author":[{"embeddable":true,"href":"https:\/\/grundschule-edwin-scharff-ring.hamburg.de\/index.php?rest_route=\/wp\/v2\/users\/273"}],"replies":[{"embeddable":true,"href":"https:\/\/grundschule-edwin-scharff-ring.hamburg.de\/index.php?rest_route=%2Fwp%2Fv2%2Fcomments&post=1716"}],"version-history":[{"count":1,"href":"https:\/\/grundschule-edwin-scharff-ring.hamburg.de\/index.php?rest_route=\/wp\/v2\/posts\/1716\/revisions"}],"predecessor-version":[{"id":1717,"href":"https:\/\/grundschule-edwin-scharff-ring.hamburg.de\/index.php?rest_route=\/wp\/v2\/posts\/1716\/revisions\/1717"}],"wp:featuredmedia":[{"embeddable":true,"href":"https:\/\/grundschule-edwin-scharff-ring.hamburg.de\/index.php?rest_route=\/wp\/v2\/media\/1708"}],"wp:attachment":[{"href":"https:\/\/grundschule-edwin-scharff-ring.hamburg.de\/index.php?rest_route=%2Fwp%2Fv2%2Fmedia&parent=1716"}],"wp:term":[{"taxonomy":"category","embeddable":true,"href":"https:\/\/grundschule-edwin-scharff-ring.hamburg.de\/index.php?rest_route=%2Fwp%2Fv2%2Fcategories&post=1716"},{"taxonomy":"post_tag","embeddable":true,"href":"https:\/\/grundschule-edwin-scharff-ring.hamburg.de\/index.php?rest_route=%2Fwp%2Fv2%2Ftags&post=1716"}],"curies":[{"name":"wp","href":"https:\/\/api.w.org\/{rel}","templated":true}]}}