{"id":1625,"date":"2023-05-04T18:09:25","date_gmt":"2023-05-04T18:09:25","guid":{"rendered":"https:\/\/grundschule-edwin-scharff-ring.hamburg.de\/?p=1625"},"modified":"2023-05-04T18:09:52","modified_gmt":"2023-05-04T18:09:52","slug":"der-esr-im-buecherwahn","status":"publish","type":"post","link":"https:\/\/grundschule-edwin-scharff-ring.hamburg.de\/?p=1625","title":{"rendered":"Der ESR im B\u00fccherwahn"},"content":{"rendered":"<p>Der ESR stand in der Woche nach dem Welttag des Buches ganz im Zeichen der B\u00fccher.<\/p>\n<p>In allen Klassen wurde gelesen, vorgelesen, zugeh\u00f6rt und \u00fcber B\u00fccher diskutiert. Es entstanden Comics, anonyme Erpresserbriefe \u00a0und noch viele interessante Dinge mehr!<\/p>\n<p><a href=\"https:\/\/grundschule-edwin-scharff-ring.hamburg.de\/wp-content\/uploads\/sites\/143\/2023\/05\/Bild1.jpg\" data-rel=\"lightbox\" data-rl_title=\"\" data-rl_caption=\"\" title=\"\"><img loading=\"lazy\" decoding=\"async\" class=\"alignnone size-medium wp-image-1627\" src=\"https:\/\/grundschule-edwin-scharff-ring.hamburg.de\/wp-content\/uploads\/sites\/143\/2023\/05\/Bild1-300x225.jpg\" alt=\"\" width=\"300\" height=\"225\" srcset=\"https:\/\/grundschule-edwin-scharff-ring.hamburg.de\/wp-content\/uploads\/sites\/143\/2023\/05\/Bild1-300x225.jpg 300w, https:\/\/grundschule-edwin-scharff-ring.hamburg.de\/wp-content\/uploads\/sites\/143\/2023\/05\/Bild1.jpg 454w\" sizes=\"(max-width: 300px) 100vw, 300px\" \/><\/a><\/p>\n<p><a href=\"https:\/\/grundschule-edwin-scharff-ring.hamburg.de\/wp-content\/uploads\/sites\/143\/2023\/05\/Bild2.jpg\" data-rel=\"lightbox\" data-rl_title=\"\" data-rl_caption=\"\" title=\"\"><img loading=\"lazy\" decoding=\"async\" class=\"alignnone size-medium wp-image-1628\" src=\"https:\/\/grundschule-edwin-scharff-ring.hamburg.de\/wp-content\/uploads\/sites\/143\/2023\/05\/Bild2-225x300.jpg\" alt=\"\" width=\"225\" height=\"300\" srcset=\"https:\/\/grundschule-edwin-scharff-ring.hamburg.de\/wp-content\/uploads\/sites\/143\/2023\/05\/Bild2-225x300.jpg 225w, https:\/\/grundschule-edwin-scharff-ring.hamburg.de\/wp-content\/uploads\/sites\/143\/2023\/05\/Bild2.jpg 454w\" sizes=\"(max-width: 225px) 100vw, 225px\" \/><\/a><\/p>\n<p>Am Mittwoch hat die B\u00fccherstube Fuhlsb\u00fcttel einen B\u00fccherverkaufstisch zum St\u00f6bern und Kaufen in unserem Musikraum aufgebaut. Viele Kinder sind mit den LeherInnen und auch gemeinsam mit Ihren Eltern in den Musikraum gekommen und haben sich sch\u00f6ne neue Literatur f\u00fcr zu Hause ausgesucht.<\/p>\n<p>F\u00fcr den Dritten Jahrgang gab es eine Lesung von Frau Franziska Biermann. Die Hamburger Autorin und Illustratorin hat aus Ihrem Buch \u201eRabbit Boy\u201c gelesen und auch gleich noch eine kleine Zeichenstunde gegeben. Die Kinder waren begeistert.<\/p>\n<p><a href=\"https:\/\/grundschule-edwin-scharff-ring.hamburg.de\/wp-content\/uploads\/sites\/143\/2023\/05\/Bild3.jpg\" data-rel=\"lightbox\" data-rl_title=\"\" data-rl_caption=\"\" title=\"\"><img loading=\"lazy\" decoding=\"async\" class=\"alignnone size-medium wp-image-1629\" src=\"https:\/\/grundschule-edwin-scharff-ring.hamburg.de\/wp-content\/uploads\/sites\/143\/2023\/05\/Bild3-225x300.jpg\" alt=\"\" width=\"225\" height=\"300\" srcset=\"https:\/\/grundschule-edwin-scharff-ring.hamburg.de\/wp-content\/uploads\/sites\/143\/2023\/05\/Bild3-225x300.jpg 225w, https:\/\/grundschule-edwin-scharff-ring.hamburg.de\/wp-content\/uploads\/sites\/143\/2023\/05\/Bild3.jpg 454w\" sizes=\"(max-width: 225px) 100vw, 225px\" \/><\/a><\/p>\n<p><a href=\"https:\/\/grundschule-edwin-scharff-ring.hamburg.de\/wp-content\/uploads\/sites\/143\/2023\/05\/Bild4.jpg\" data-rel=\"lightbox\" data-rl_title=\"\" data-rl_caption=\"\" title=\"\"><img loading=\"lazy\" decoding=\"async\" class=\"alignnone size-medium wp-image-1630\" src=\"https:\/\/grundschule-edwin-scharff-ring.hamburg.de\/wp-content\/uploads\/sites\/143\/2023\/05\/Bild4-300x225.jpg\" alt=\"\" width=\"300\" height=\"225\" srcset=\"https:\/\/grundschule-edwin-scharff-ring.hamburg.de\/wp-content\/uploads\/sites\/143\/2023\/05\/Bild4-300x225.jpg 300w, https:\/\/grundschule-edwin-scharff-ring.hamburg.de\/wp-content\/uploads\/sites\/143\/2023\/05\/Bild4.jpg 454w\" sizes=\"(max-width: 300px) 100vw, 300px\" \/><\/a><\/p>\n<p>F\u00fcr den ersten und zweiten Jahrgang war die Schauspielerin und Autorin Frau Dayan Kodua zu Besuch. Sie hat aus ihrem teils autobiografischen Bilderbuch \u201eOdo\u201c vorgelesen und die Kinder in ihren Bann gezogen.<\/p>\n<p><a href=\"https:\/\/grundschule-edwin-scharff-ring.hamburg.de\/wp-content\/uploads\/sites\/143\/2023\/05\/Bild5.jpg\" data-rel=\"lightbox\" data-rl_title=\"\" data-rl_caption=\"\" title=\"\"><img loading=\"lazy\" decoding=\"async\" class=\"alignnone size-medium wp-image-1631\" src=\"https:\/\/grundschule-edwin-scharff-ring.hamburg.de\/wp-content\/uploads\/sites\/143\/2023\/05\/Bild5-300x225.jpg\" alt=\"\" width=\"300\" height=\"225\" srcset=\"https:\/\/grundschule-edwin-scharff-ring.hamburg.de\/wp-content\/uploads\/sites\/143\/2023\/05\/Bild5-300x225.jpg 300w, https:\/\/grundschule-edwin-scharff-ring.hamburg.de\/wp-content\/uploads\/sites\/143\/2023\/05\/Bild5.jpg 454w\" sizes=\"(max-width: 300px) 100vw, 300px\" \/><\/a><\/p>\n<p>Die Sch\u00fcler und Sch\u00fclerinnen des vierten Jahrgangs haben Besuch von Herrn Hagemann von der B\u00fccherstube Fuhlsb\u00fcttel bekommen. Er hat jedem\/jeder das diesj\u00e4hrige Welttagsbuch \u00a0\u201eVolle Fahrt ins Abenteuer\u201c \u00fcbergeben k\u00f6nnen.<\/p>\n<p><a href=\"https:\/\/grundschule-edwin-scharff-ring.hamburg.de\/wp-content\/uploads\/sites\/143\/2023\/05\/Bild6.jpg\" data-rel=\"lightbox\" data-rl_title=\"\" data-rl_caption=\"\" title=\"\"><img loading=\"lazy\" decoding=\"async\" class=\"alignnone size-medium wp-image-1632\" src=\"https:\/\/grundschule-edwin-scharff-ring.hamburg.de\/wp-content\/uploads\/sites\/143\/2023\/05\/Bild6-205x300.jpg\" alt=\"\" width=\"205\" height=\"300\" srcset=\"https:\/\/grundschule-edwin-scharff-ring.hamburg.de\/wp-content\/uploads\/sites\/143\/2023\/05\/Bild6-205x300.jpg 205w, https:\/\/grundschule-edwin-scharff-ring.hamburg.de\/wp-content\/uploads\/sites\/143\/2023\/05\/Bild6.jpg 323w\" sizes=\"(max-width: 205px) 100vw, 205px\" \/><\/a><\/p>\n<p>Am Donnerstag war unsere Aula voll belegt. Wir hatten das TheatrinoTheater mit dem St\u00fcck \u201eDer B\u00fccherwurm\u201c zu Gast. Der kleine B\u00fccherwurm fra\u00df sich durch das riesige Buch mit der Geschichte um den Inuit-Jungen Allack. Doch die letzten Seiten des Buches waren kaputt und unbrauchbar bzw. unlesbar. Was nun? Wir konnten erleben, wie der kleine B\u00fccherwurm, gemeinsam mit der Leseratte, seiner Phantasie freien Lauf lie\u00df und uns alle ansteckte. In zwei Auff\u00fchrungen hintereinander konnten alle Jahrg\u00e4nge die Geschichte um den B\u00fccherwurm erleben.<\/p>\n<p><a href=\"https:\/\/grundschule-edwin-scharff-ring.hamburg.de\/wp-content\/uploads\/sites\/143\/2023\/05\/Bild7.jpg\" data-rel=\"lightbox\" data-rl_title=\"\" data-rl_caption=\"\" title=\"\"><img loading=\"lazy\" decoding=\"async\" class=\"alignnone size-medium wp-image-1633\" src=\"https:\/\/grundschule-edwin-scharff-ring.hamburg.de\/wp-content\/uploads\/sites\/143\/2023\/05\/Bild7-300x225.jpg\" alt=\"\" width=\"300\" height=\"225\" srcset=\"https:\/\/grundschule-edwin-scharff-ring.hamburg.de\/wp-content\/uploads\/sites\/143\/2023\/05\/Bild7-300x225.jpg 300w, https:\/\/grundschule-edwin-scharff-ring.hamburg.de\/wp-content\/uploads\/sites\/143\/2023\/05\/Bild7.jpg 454w\" sizes=\"(max-width: 300px) 100vw, 300px\" \/><\/a> <a href=\"https:\/\/grundschule-edwin-scharff-ring.hamburg.de\/wp-content\/uploads\/sites\/143\/2023\/05\/Bild8.jpg\" data-rel=\"lightbox\" data-rl_title=\"\" data-rl_caption=\"\" title=\"\"><img loading=\"lazy\" decoding=\"async\" class=\"alignnone size-medium wp-image-1634\" src=\"https:\/\/grundschule-edwin-scharff-ring.hamburg.de\/wp-content\/uploads\/sites\/143\/2023\/05\/Bild8-300x225.jpg\" alt=\"\" width=\"300\" height=\"225\" srcset=\"https:\/\/grundschule-edwin-scharff-ring.hamburg.de\/wp-content\/uploads\/sites\/143\/2023\/05\/Bild8-300x225.jpg 300w, https:\/\/grundschule-edwin-scharff-ring.hamburg.de\/wp-content\/uploads\/sites\/143\/2023\/05\/Bild8-1024x768.jpg 1024w, https:\/\/grundschule-edwin-scharff-ring.hamburg.de\/wp-content\/uploads\/sites\/143\/2023\/05\/Bild8-768x576.jpg 768w, https:\/\/grundschule-edwin-scharff-ring.hamburg.de\/wp-content\/uploads\/sites\/143\/2023\/05\/Bild8.jpg 1386w\" sizes=\"(max-width: 300px) 100vw, 300px\" \/><\/a><\/p>\n<p>Den Abschluss bildete am Freitag der diesj\u00e4hrige Vorlesewettbewerb. Hier waren die Sch\u00fclerinnen und Sch\u00fcler des ESR die Hauptpersonen! Die sechs besten Leser und Leserinnen der zweiten, dritten und vierten Jahrg\u00e4nge traten an und lasen ihren Mitsch\u00fclern und Mitsch\u00fclerinnen sehr souver\u00e4n vor. Es war sch\u00f6n zu erleben, wie toll die Kinder lasen, aber auch wie gebannt und aufmerksam ihre Stufenkameraden und -kameradinnen zuh\u00f6rten.<\/p>\n","protected":false},"excerpt":{"rendered":"<p>Der ESR stand in der Woche nach dem Welttag des Buches ganz im Zeichen der B\u00fccher. In allen Klassen wurde gelesen, vorgelesen, zugeh\u00f6rt und \u00fcber B\u00fccher diskutiert. Es entstanden Comics, anonyme Erpresserbriefe \u00a0und noch viele interessante Dinge mehr! Am Mittwoch hat die B\u00fccherstube Fuhlsb\u00fcttel einen B\u00fccherverkaufstisch zum St\u00f6bern und Kaufen in unserem Musikraum aufgebaut. Viele [&hellip;]<\/p>\n","protected":false},"author":273,"featured_media":1627,"comment_status":"closed","ping_status":"closed","sticky":false,"template":"","format":"standard","meta":{"_acf_changed":false,"_et_pb_use_builder":"","_et_pb_old_content":"","_et_gb_content_width":"","footnotes":""},"categories":[1],"tags":[],"class_list":["post-1625","post","type-post","status-publish","format-standard","has-post-thumbnail","hentry","category-allgemein"],"acf":[],"_links":{"self":[{"href":"https:\/\/grundschule-edwin-scharff-ring.hamburg.de\/index.php?rest_route=\/wp\/v2\/posts\/1625","targetHints":{"allow":["GET"]}}],"collection":[{"href":"https:\/\/grundschule-edwin-scharff-ring.hamburg.de\/index.php?rest_route=\/wp\/v2\/posts"}],"about":[{"href":"https:\/\/grundschule-edwin-scharff-ring.hamburg.de\/index.php?rest_route=\/wp\/v2\/types\/post"}],"author":[{"embeddable":true,"href":"https:\/\/grundschule-edwin-scharff-ring.hamburg.de\/index.php?rest_route=\/wp\/v2\/users\/273"}],"replies":[{"embeddable":true,"href":"https:\/\/grundschule-edwin-scharff-ring.hamburg.de\/index.php?rest_route=%2Fwp%2Fv2%2Fcomments&post=1625"}],"version-history":[{"count":3,"href":"https:\/\/grundschule-edwin-scharff-ring.hamburg.de\/index.php?rest_route=\/wp\/v2\/posts\/1625\/revisions"}],"predecessor-version":[{"id":1638,"href":"https:\/\/grundschule-edwin-scharff-ring.hamburg.de\/index.php?rest_route=\/wp\/v2\/posts\/1625\/revisions\/1638"}],"wp:featuredmedia":[{"embeddable":true,"href":"https:\/\/grundschule-edwin-scharff-ring.hamburg.de\/index.php?rest_route=\/wp\/v2\/media\/1627"}],"wp:attachment":[{"href":"https:\/\/grundschule-edwin-scharff-ring.hamburg.de\/index.php?rest_route=%2Fwp%2Fv2%2Fmedia&parent=1625"}],"wp:term":[{"taxonomy":"category","embeddable":true,"href":"https:\/\/grundschule-edwin-scharff-ring.hamburg.de\/index.php?rest_route=%2Fwp%2Fv2%2Fcategories&post=1625"},{"taxonomy":"post_tag","embeddable":true,"href":"https:\/\/grundschule-edwin-scharff-ring.hamburg.de\/index.php?rest_route=%2Fwp%2Fv2%2Ftags&post=1625"}],"curies":[{"name":"wp","href":"https:\/\/api.w.org\/{rel}","templated":true}]}}