{"id":1553,"date":"2022-08-15T18:22:48","date_gmt":"2022-08-15T18:22:48","guid":{"rendered":"https:\/\/grundschule-edwin-scharff-ring.hamburg.de\/?p=1553"},"modified":"2022-08-15T18:22:48","modified_gmt":"2022-08-15T18:22:48","slug":"sommerfest-am-esr","status":"publish","type":"post","link":"https:\/\/grundschule-edwin-scharff-ring.hamburg.de\/?p=1553","title":{"rendered":"Sommerfest am ESR"},"content":{"rendered":"<p>\u201eFriedlich, freundlich und gewaltfrei\u201c, so lautet das Motto des diesj\u00e4hrigen Sommerfestes am ESR. Am Mittwoch vor den gro\u00dfen Sommerferien herrschte Partystimmung auf dem Schulhof. Nicht nur die Sch\u00fcler und Sch\u00fclerinnen, sondern zum Gl\u00fcck auch wieder alle Freunde und Eltern waren eingeladen zu Musik, Theater, Spieleflohmarkt, Schminkenaktionen und jeder Menge Action.<br \/>\nUnd auch die Eltern haben sich in diesem Jahr selbst \u00fcbertroffen: in der Leckeria brachen die Tische vor Muffins, Kuchen und anderen Leckereien fast zusammen.<br \/>\nEin wirklich gelungener Nachmittag!<\/p>\n<div class=\"rl-gallery-container rl-loading\" id=\"rl-gallery-container-1\" data-gallery_id=\"1550\"> <div class=\"rl-gallery rl-basicgrid-gallery \" id=\"rl-gallery-1\" data-gallery_no=\"1\"> <div class=\"rl-gallery-item\"><a href=\"https:\/\/grundschule-edwin-scharff-ring.hamburg.de\/wp-content\/uploads\/sites\/143\/2022\/08\/IMG_6972.jpg\" title=\"\" data-rl_title=\"\" class=\"rl-gallery-link\" data-rl_caption=\"\" data-rel=\"lightbox-gallery-1\"><img loading=\"lazy\" decoding=\"async\" src=\"https:\/\/grundschule-edwin-scharff-ring.hamburg.de\/wp-content\/uploads\/sites\/143\/2022\/08\/IMG_6972-300x225.jpg\" width=\"300\" height=\"225\" alt=\"\" \/><\/a><\/div><div class=\"rl-gallery-item\"><a href=\"https:\/\/grundschule-edwin-scharff-ring.hamburg.de\/wp-content\/uploads\/sites\/143\/2022\/08\/IMG_6973.jpg\" title=\"\" data-rl_title=\"\" class=\"rl-gallery-link\" data-rl_caption=\"\" data-rel=\"lightbox-gallery-1\"><img loading=\"lazy\" decoding=\"async\" src=\"https:\/\/grundschule-edwin-scharff-ring.hamburg.de\/wp-content\/uploads\/sites\/143\/2022\/08\/IMG_6973-300x225.jpg\" width=\"300\" height=\"225\" alt=\"\" \/><\/a><\/div><div class=\"rl-gallery-item\"><a href=\"https:\/\/grundschule-edwin-scharff-ring.hamburg.de\/wp-content\/uploads\/sites\/143\/2022\/08\/IMG_6974.jpg\" title=\"\" data-rl_title=\"\" class=\"rl-gallery-link\" data-rl_caption=\"\" data-rel=\"lightbox-gallery-1\"><img loading=\"lazy\" decoding=\"async\" src=\"https:\/\/grundschule-edwin-scharff-ring.hamburg.de\/wp-content\/uploads\/sites\/143\/2022\/08\/IMG_6974-300x225.jpg\" width=\"300\" height=\"225\" alt=\"\" \/><\/a><\/div><div class=\"rl-gallery-item\"><a href=\"https:\/\/grundschule-edwin-scharff-ring.hamburg.de\/wp-content\/uploads\/sites\/143\/2022\/08\/IMG_6978-rotated.jpg\" title=\"\" data-rl_title=\"\" class=\"rl-gallery-link\" data-rl_caption=\"\" data-rel=\"lightbox-gallery-1\"><img loading=\"lazy\" decoding=\"async\" src=\"https:\/\/grundschule-edwin-scharff-ring.hamburg.de\/wp-content\/uploads\/sites\/143\/2022\/08\/IMG_6978-225x300.jpg\" width=\"225\" height=\"300\" alt=\"\" \/><\/a><\/div><div class=\"rl-gallery-item\"><a href=\"https:\/\/grundschule-edwin-scharff-ring.hamburg.de\/wp-content\/uploads\/sites\/143\/2022\/08\/IMG_6979.jpg\" title=\"\" data-rl_title=\"\" class=\"rl-gallery-link\" data-rl_caption=\"\" data-rel=\"lightbox-gallery-1\"><img loading=\"lazy\" decoding=\"async\" src=\"https:\/\/grundschule-edwin-scharff-ring.hamburg.de\/wp-content\/uploads\/sites\/143\/2022\/08\/IMG_6979-300x225.jpg\" width=\"300\" height=\"225\" alt=\"\" \/><\/a><\/div><div class=\"rl-gallery-item\"><a href=\"https:\/\/grundschule-edwin-scharff-ring.hamburg.de\/wp-content\/uploads\/sites\/143\/2022\/08\/IMG_6980-rotated.jpg\" title=\"\" data-rl_title=\"\" class=\"rl-gallery-link\" data-rl_caption=\"\" data-rel=\"lightbox-gallery-1\"><img loading=\"lazy\" decoding=\"async\" src=\"https:\/\/grundschule-edwin-scharff-ring.hamburg.de\/wp-content\/uploads\/sites\/143\/2022\/08\/IMG_6980-225x300.jpg\" width=\"225\" height=\"300\" alt=\"\" \/><\/a><\/div><div class=\"rl-gallery-item\"><a href=\"https:\/\/grundschule-edwin-scharff-ring.hamburg.de\/wp-content\/uploads\/sites\/143\/2022\/08\/IMG_6984-rotated.jpg\" title=\"\" data-rl_title=\"\" class=\"rl-gallery-link\" data-rl_caption=\"\" data-rel=\"lightbox-gallery-1\"><img loading=\"lazy\" decoding=\"async\" src=\"https:\/\/grundschule-edwin-scharff-ring.hamburg.de\/wp-content\/uploads\/sites\/143\/2022\/08\/IMG_6984-225x300.jpg\" width=\"225\" height=\"300\" alt=\"\" \/><\/a><\/div><div class=\"rl-gallery-item\"><a href=\"https:\/\/grundschule-edwin-scharff-ring.hamburg.de\/wp-content\/uploads\/sites\/143\/2022\/08\/IMG_6985-rotated.jpg\" title=\"\" data-rl_title=\"\" class=\"rl-gallery-link\" data-rl_caption=\"\" data-rel=\"lightbox-gallery-1\"><img loading=\"lazy\" decoding=\"async\" src=\"https:\/\/grundschule-edwin-scharff-ring.hamburg.de\/wp-content\/uploads\/sites\/143\/2022\/08\/IMG_6985-225x300.jpg\" width=\"225\" height=\"300\" alt=\"\" \/><\/a><\/div> <\/div> <\/div>\n","protected":false},"excerpt":{"rendered":"<p>\u201eFriedlich, freundlich und gewaltfrei\u201c, so lautet das Motto des diesj\u00e4hrigen Sommerfestes am ESR. Am Mittwoch vor den gro\u00dfen Sommerferien herrschte Partystimmung auf dem Schulhof. Nicht nur die Sch\u00fcler und Sch\u00fclerinnen, sondern zum Gl\u00fcck auch wieder alle Freunde und Eltern waren eingeladen zu Musik, Theater, Spieleflohmarkt, Schminkenaktionen und jeder Menge Action. Und auch die Eltern haben [&hellip;]<\/p>\n","protected":false},"author":273,"featured_media":1538,"comment_status":"closed","ping_status":"closed","sticky":false,"template":"","format":"standard","meta":{"_acf_changed":false,"_et_pb_use_builder":"","_et_pb_old_content":"","_et_gb_content_width":"","footnotes":""},"categories":[1],"tags":[],"class_list":["post-1553","post","type-post","status-publish","format-standard","has-post-thumbnail","hentry","category-allgemein"],"acf":[],"_links":{"self":[{"href":"https:\/\/grundschule-edwin-scharff-ring.hamburg.de\/index.php?rest_route=\/wp\/v2\/posts\/1553","targetHints":{"allow":["GET"]}}],"collection":[{"href":"https:\/\/grundschule-edwin-scharff-ring.hamburg.de\/index.php?rest_route=\/wp\/v2\/posts"}],"about":[{"href":"https:\/\/grundschule-edwin-scharff-ring.hamburg.de\/index.php?rest_route=\/wp\/v2\/types\/post"}],"author":[{"embeddable":true,"href":"https:\/\/grundschule-edwin-scharff-ring.hamburg.de\/index.php?rest_route=\/wp\/v2\/users\/273"}],"replies":[{"embeddable":true,"href":"https:\/\/grundschule-edwin-scharff-ring.hamburg.de\/index.php?rest_route=%2Fwp%2Fv2%2Fcomments&post=1553"}],"version-history":[{"count":1,"href":"https:\/\/grundschule-edwin-scharff-ring.hamburg.de\/index.php?rest_route=\/wp\/v2\/posts\/1553\/revisions"}],"predecessor-version":[{"id":1554,"href":"https:\/\/grundschule-edwin-scharff-ring.hamburg.de\/index.php?rest_route=\/wp\/v2\/posts\/1553\/revisions\/1554"}],"wp:featuredmedia":[{"embeddable":true,"href":"https:\/\/grundschule-edwin-scharff-ring.hamburg.de\/index.php?rest_route=\/wp\/v2\/media\/1538"}],"wp:attachment":[{"href":"https:\/\/grundschule-edwin-scharff-ring.hamburg.de\/index.php?rest_route=%2Fwp%2Fv2%2Fmedia&parent=1553"}],"wp:term":[{"taxonomy":"category","embeddable":true,"href":"https:\/\/grundschule-edwin-scharff-ring.hamburg.de\/index.php?rest_route=%2Fwp%2Fv2%2Fcategories&post=1553"},{"taxonomy":"post_tag","embeddable":true,"href":"https:\/\/grundschule-edwin-scharff-ring.hamburg.de\/index.php?rest_route=%2Fwp%2Fv2%2Ftags&post=1553"}],"curies":[{"name":"wp","href":"https:\/\/api.w.org\/{rel}","templated":true}]}}